{"id":78,"date":"2016-06-15T16:24:52","date_gmt":"2016-06-15T16:24:52","guid":{"rendered":"http:\/\/dck.dobron.pl\/?p=78"},"modified":"2016-09-27T06:55:14","modified_gmt":"2016-09-27T06:55:14","slug":"xxvii-dni-dobronia-i-ii-festiwal-folkloru","status":"publish","type":"post","link":"https:\/\/dck.dobron.pl\/?p=78","title":{"rendered":"18.06.2016 r. &#8211; XXVII Dni Dobronia i II Festiwal Folkloru"},"content":{"rendered":"<p><strong>Dni Dobronia, 18.06.2016 r.<\/strong><\/p>\n<p><strong>Zesp\u00f3\u0142 Szk\u00f3\u0142 w Dobroniu, ul. Witosa 1a<br \/>\n17.06.2016<br \/>\nGodz. 17:00 \u2013 Rozpocz\u0119cie turnieju (eliminacje) pi\u0142ki siatkowej z udzia\u0142em dru\u017cyn: LKS \u201eLUKS\u201d Dobro\u0144, OSP Dobro\u0144, Szynkielew Stowarzyszenie, Przyjaciele Siatk\u00f3wki Dobro\u0144<br \/>\n18.06.2016<br \/>\nGodz. 10;00 \u2013 Doko\u0144czenie turnieju (fina\u0142) pi\u0142ki siatkowej<\/strong><\/p>\n<p><strong>Stadion Gminny w Dobroniu, ul. Sportowa 19<br \/>\nGodz. 9.00-12.30 <\/strong>\u2013\u00a0 Turniej m\u0142odzik\u00f3w do lat 12 o Puchar W\u00f3jta Gminy Dobro\u0144 z udzia\u0142em klub\u00f3w: Iskra Dobro\u0144, Start \u0141\u00f3d\u017a, W\u0142\u00f3kniarz Pabianice, Grabia \u0141ask-Kolumna<br \/>\n<strong>Godz. 14.00-16.45 <\/strong>\u2013 Turniej pi\u0142ki no\u017cnej junior\u00f3w m\u0142odszych pod patronatem Starosty Pabianickiego z udzia\u0142em dru\u017cyn: Iskra Dobro\u0144, Zawisza Rzg\u00f3w , W\u0142\u00f3kniarz Pabianice<\/p>\n<p><strong>Park Gminny w Dobroniu<\/strong><br \/>\n<strong>Godz. 15.00 <\/strong>\u2013 Wyst\u0119py dzieci z Przedszkola w Dobroniu i Filii z Mogilna Du\u017cego<br \/>\n<strong>Godz. 15.30 <\/strong>\u2013 Wyst\u0119py dzieci ze Szko\u0142y Podstawowej w Chechle<br \/>\n<strong>Godz. 15.40 <\/strong>\u2013 Zesp\u00f3\u0142 wokalny \u201eVOLARER\u201d<br \/>\n<strong>Godz. 15.50 <\/strong>\u2013 Wyst\u0119py dzieci ze Szko\u0142y Podstawowej w Mogilnie Du\u017cym<br \/>\n<strong>Godz. 16.00 <\/strong>\u2013 Wr\u0119czenie nagr\u00f3d dla najaktywniejszego czytelnika Gminnej Biblioteki Publicznej<br \/>\n<strong>Godz. 16.05 <\/strong>\u2013 Ch\u00f3r \u201eLUTNIA\u201d<br \/>\n<strong>Godz. 16.15 <\/strong>\u2013 Wyst\u0119p dzieci ze Szko\u0142y Podstawowej w Dobroniu<br \/>\n<strong>Godz. 16.25 <\/strong>\u2013 Zesp\u00f3\u0142 ma\u017coretek SZAFIRKI<br \/>\n<strong>Godz. 16.35 <\/strong>\u2013 Zesp\u00f3\u0142 FRESH MOVE i KABOOM<br \/>\n<strong>Godz. 16.45 <\/strong>\u2013 Wyst\u0119p Justyny Jarz\u0119bak \u2013 taniec wsp\u00f3\u0142czesny<br \/>\n<strong>Godz. 16.50 <\/strong>\u2013 Wyst\u0119p Patrycji Celeban \u2013 absolwentki Publicznego Gimnazjum w Dobroniu<\/p>\n<p><strong>Godz. 17.00 \u2013 Otwarcie festynu (Wr\u0119czanie nagr\u00f3d)<\/strong><\/p>\n<p><strong>Godz. 17.30 <\/strong>\u2013 Koncert Orkiestry d\u0119tej z Dobronia<br \/>\n<strong>Godz. 18.00 <\/strong>\u2013 Koncert Zespo\u0142u TRZY KORONY<br \/>\n<strong>Godz. 19.30 <\/strong>\u2013 Koncert THOMASA GROTTO<br \/>\n<strong>Godz. 21.00 <\/strong>\u2013 Koncert zespo\u0142u D-Bomb<br \/>\n<strong>Godz. 22.00 <\/strong>\u2013 Pokaz sztucznych ogni<\/p>\n<p><strong><br \/>\nDni Folkloru, 19.06.2016 r.\u00a0\u00a0<\/strong><\/p>\n<p>Godz. 16.30 \u2013 Zbi\u00f3rka Zespo\u0142\u00f3w przy G.O.K., ul. W. Witosa 1a w\u00a0 Dobroniu<br \/>\n<strong>Godz. 16.45 <\/strong>\u2013 Przemarsz Zespo\u0142\u00f3w do Parku Gminnego w Dobroniu<br \/>\n<strong>Godz. 17.00 <\/strong>\u2013 21.00\u00a0 \u2013 Koncerty:<\/p>\n<p>Zesp\u00f3\u0142 Pie\u015bni i Ta\u0144ca \u201eAnilana\u201d<br \/>\nZesp\u00f3\u0142 Ludowy Pie\u015bni i Ta\u0144ca \u201eBuczkowiacy\u201d<br \/>\nZesp\u00f3\u0142 Pie\u015bni i Ta\u0144ca \u201eBychlewianka\u201d<br \/>\nZesp\u00f3\u0142 Pie\u015bni i Ta\u0144ca \u201eDobro\u0144\u201d<br \/>\nZesp\u00f3\u0142 \u201ePELAGIA\u201d<br \/>\nPolonijny Zesp\u00f3\u0142 Pie\u015bni i Ta\u0144ca \u201ePolonez\u201d z W\u0119gier<br \/>\nZesp\u00f3\u0142 Pie\u015bni i Ta\u0144ca \u201eZdu\u0144skowolanie\u201d<\/p>\n<p>Zako\u0144czenie festynu \u2013 puszczanie wiank\u00f3w wykonanych przez uczestnik\u00f3w konkursu na\u00a0 \u201eNaj\u0142adniejszy wianek\u201d<\/p>\n","protected":false},"excerpt":{"rendered":"Dni Dobronia, 18.06.2016 r. Zesp\u00f3\u0142 Szk\u00f3\u0142 w Dobroniu, ul. Witosa 1a 17.06.2016 Godz. 17:00 \u2013 Rozpocz\u0119cie turnieju (eliminacje) pi\u0142ki siatkowej z udzia\u0142em dru\u017cyn: \n<a class=\"moretag\" href=\"https:\/\/dck.dobron.pl\/?p=78\"> [czytaj dalej ...]<\/a>","protected":false},"author":1,"featured_media":82,"comment_status":"closed","ping_status":"closed","sticky":false,"template":"","format":"standard","meta":{"footnotes":""},"categories":[3,6],"tags":[],"class_list":["post-78","post","type-post","status-publish","format-standard","has-post-thumbnail","hentry","category-dni-dobronia","category-festiwal-folkloru"],"_links":{"self":[{"href":"https:\/\/dck.dobron.pl\/index.php?rest_route=\/wp\/v2\/posts\/78","targetHints":{"allow":["GET"]}}],"collection":[{"href":"https:\/\/dck.dobron.pl\/index.php?rest_route=\/wp\/v2\/posts"}],"about":[{"href":"https:\/\/dck.dobron.pl\/index.php?rest_route=\/wp\/v2\/types\/post"}],"author":[{"embeddable":true,"href":"https:\/\/dck.dobron.pl\/index.php?rest_route=\/wp\/v2\/users\/1"}],"replies":[{"embeddable":true,"href":"https:\/\/dck.dobron.pl\/index.php?rest_route=%2Fwp%2Fv2%2Fcomments&post=78"}],"version-history":[{"count":2,"href":"https:\/\/dck.dobron.pl\/index.php?rest_route=\/wp\/v2\/posts\/78\/revisions"}],"predecessor-version":[{"id":115,"href":"https:\/\/dck.dobron.pl\/index.php?rest_route=\/wp\/v2\/posts\/78\/revisions\/115"}],"wp:featuredmedia":[{"embeddable":true,"href":"https:\/\/dck.dobron.pl\/index.php?rest_route=\/wp\/v2\/media\/82"}],"wp:attachment":[{"href":"https:\/\/dck.dobron.pl\/index.php?rest_route=%2Fwp%2Fv2%2Fmedia&parent=78"}],"wp:term":[{"taxonomy":"category","embeddable":true,"href":"https:\/\/dck.dobron.pl\/index.php?rest_route=%2Fwp%2Fv2%2Fcategories&post=78"},{"taxonomy":"post_tag","embeddable":true,"href":"https:\/\/dck.dobron.pl\/index.php?rest_route=%2Fwp%2Fv2%2Ftags&post=78"}],"curies":[{"name":"wp","href":"https:\/\/api.w.org\/{rel}","templated":true}]}}