{"id":610,"date":"2017-06-30T19:51:29","date_gmt":"2017-06-30T19:51:29","guid":{"rendered":"http:\/\/dck.dobron.pl\/?p=610"},"modified":"2017-06-30T19:51:59","modified_gmt":"2017-06-30T19:51:59","slug":"610","status":"publish","type":"post","link":"https:\/\/dck.dobron.pl\/?p=610","title":{"rendered":"XVIII Kolory Polski"},"content":{"rendered":"<p><img loading=\"lazy\" decoding=\"async\" class=\"alignnone size-medium wp-image-611\" src=\"https:\/\/dck.dobron.pl\/wp-content\/uploads\/2017\/06\/multicamerata_d_1-300x153.jpg\" alt=\"\" width=\"300\" height=\"153\" srcset=\"https:\/\/dck.dobron.pl\/wp-content\/uploads\/2017\/06\/multicamerata_d_1-300x153.jpg 300w, https:\/\/dck.dobron.pl\/wp-content\/uploads\/2017\/06\/multicamerata_d_1.jpg 580w\" sizes=\"auto, (max-width: 300px) 100vw, 300px\" \/><\/p>\n<p>Znane ju\u017c Pa\u0144stwu z poprzednich edycji Kolory Polski to letnia propozycja Filharmonii \u0141\u00f3dzkiej dla meloman\u00f3w, kt\u00f3rzy chc\u0105 po\u0142\u0105czy\u0107 s\u0142uchanie muzyki w najlepszym wykonaniu ze zwiedzaniem zabytk\u00f3w regionu \u0142\u00f3dzkiego. Tegoroczna edycja obejmuje wyj\u0105tkowo du\u017co dodatkowych atrakcji zwi\u0105zanych z przyrod\u0105 regionu \u0142\u00f3dzkiego: bezp\u0142atne wycieczki z profesjonalnymi przewodnikami, prelekcje, akcj\u0119 sadzenia drzew \u201eDom dla d\u017awi\u0119k\u00f3w natury\u201d, konkurs fotograficzny i inne.<\/p>\n<p>W ramach projektu b\u0119dziemy mieli okazj\u0119 m.in. skorzysta\u0107 z 18 wycieczek do interesuj\u0105cych przyrodniczo miejsc regionu \u0142\u00f3dzkiego, poprzedzaj\u0105cych bezpo\u015brednio koncerty \u201eKolor\u00f3w Polski\u201d. Szczeg\u00f3\u0142y tras przyrodniczych dost\u0119pne s\u0105 w Internecie przy informacjach dotycz\u0105cych poszczeg\u00f3lnych koncert\u00f3w <em>(<a href=\"http:\/\/filharmonia.lodz.pl\/pl\/kolory-polski\">sprawd\u017a<\/a>)<\/em>.<\/p>\n<p><strong><span class=\"eventDate\">Koncert w Dobroniu odb\u0119dzie si\u0119 9 lipca 2017,<br \/>\ngodz. 19.00 <\/span><span class=\"eventDate offsetBottom10\">wst\u0119p wolny<\/span>,<br \/>\nko\u015bci\u00f3\u0142 pw. \u015bw. Wojciecha, ul. Sienkiewicza 41<\/strong><\/p>\n<p>Kwintet smyczkowy <strong>Multicamerata<\/strong> w sk\u0142adzie:<br \/>\nIzabela Bogusz \u2013 skrzypce I,<br \/>\nGrzegorz Bogusz \u2013 skrzypce II,<br \/>\nMarta Wroniszewska \u2013 alt\u00f3wka,<br \/>\nKarol Wroniszewski \u2013 wiolonczela,<br \/>\nHenryk Giza \u2013 kontrabas<\/p>\n<p><strong>W programie koncertu:<\/strong><br \/>\nGeorg Friedrich H\u00e4ndel \u2013 Passacaglia,<br \/>\nGiuseppe Tartini \u2013 Cantabile,<br \/>\nWolfgang Amadeus Mozart \u2013 Divertimento D-dur KV 138,<br \/>\nAndrzej Koszewski\u00a0 \u2013 Concerto Grosso \u201eAll antica per archi\u201d,<br \/>\nFryderyk Chopin \u2013 Etiuda E-dur op. 10 nr 3<\/p>\n<p><strong>WYDARZENIA TOWARZYSZ\u0104CE:<\/strong><\/p>\n<p><strong>Park Gminny, ul. Sienkiewicza 58<br \/>\nod godz. 17:00 <\/strong>degustacja potraw przygotowanych przez Ko\u0142a Gospody\u0144 Wiejskich;<br \/>\n<strong>od godz. 20:30\u00a0<\/strong>biesiada przy ognisku z muzyk\u0105 Dobro\u0144skiej Orkiestry D\u0119tej (obchodz\u0105cej w tym roku\u00a0 115-lecie)<\/p>\n","protected":false},"excerpt":{"rendered":"Znane ju\u017c Pa\u0144stwu z poprzednich edycji Kolory Polski to letnia propozycja Filharmonii \u0141\u00f3dzkiej dla meloman\u00f3w, kt\u00f3rzy chc\u0105 po\u0142\u0105czy\u0107 s\u0142uchanie muzyki w najlepszym wykonaniu \n<a class=\"moretag\" href=\"https:\/\/dck.dobron.pl\/?p=610\"> [czytaj dalej ...]<\/a>","protected":false},"author":2,"featured_media":611,"comment_status":"closed","ping_status":"closed","sticky":false,"template":"","format":"standard","meta":{"footnotes":""},"categories":[10],"tags":[],"class_list":["post-610","post","type-post","status-publish","format-standard","has-post-thumbnail","hentry","category-aktualnosci"],"_links":{"self":[{"href":"https:\/\/dck.dobron.pl\/index.php?rest_route=\/wp\/v2\/posts\/610","targetHints":{"allow":["GET"]}}],"collection":[{"href":"https:\/\/dck.dobron.pl\/index.php?rest_route=\/wp\/v2\/posts"}],"about":[{"href":"https:\/\/dck.dobron.pl\/index.php?rest_route=\/wp\/v2\/types\/post"}],"author":[{"embeddable":true,"href":"https:\/\/dck.dobron.pl\/index.php?rest_route=\/wp\/v2\/users\/2"}],"replies":[{"embeddable":true,"href":"https:\/\/dck.dobron.pl\/index.php?rest_route=%2Fwp%2Fv2%2Fcomments&post=610"}],"version-history":[{"count":2,"href":"https:\/\/dck.dobron.pl\/index.php?rest_route=\/wp\/v2\/posts\/610\/revisions"}],"predecessor-version":[{"id":613,"href":"https:\/\/dck.dobron.pl\/index.php?rest_route=\/wp\/v2\/posts\/610\/revisions\/613"}],"wp:featuredmedia":[{"embeddable":true,"href":"https:\/\/dck.dobron.pl\/index.php?rest_route=\/wp\/v2\/media\/611"}],"wp:attachment":[{"href":"https:\/\/dck.dobron.pl\/index.php?rest_route=%2Fwp%2Fv2%2Fmedia&parent=610"}],"wp:term":[{"taxonomy":"category","embeddable":true,"href":"https:\/\/dck.dobron.pl\/index.php?rest_route=%2Fwp%2Fv2%2Fcategories&post=610"},{"taxonomy":"post_tag","embeddable":true,"href":"https:\/\/dck.dobron.pl\/index.php?rest_route=%2Fwp%2Fv2%2Ftags&post=610"}],"curies":[{"name":"wp","href":"https:\/\/api.w.org\/{rel}","templated":true}]}}