{"id":4310,"date":"2025-11-03T19:18:41","date_gmt":"2025-11-03T19:18:41","guid":{"rendered":"https:\/\/dck.dobron.pl\/?p=4310"},"modified":"2025-11-03T19:20:53","modified_gmt":"2025-11-03T19:20:53","slug":"chor-lutnia-1886-w-przygotowaniach-do-listopadowych-wydarzen","status":"publish","type":"post","link":"https:\/\/dck.dobron.pl\/?p=4310","title":{"rendered":"Ch\u00f3r \u201eLutnia 1886\u201d w przygotowaniach do listopadowych wydarze\u0144"},"content":{"rendered":"<div class=\"xdj266r x14z9mp xat24cr x1lziwak x1vvkbs x126k92a\">\n<div dir=\"auto\">\n<div class=\"wp-block-image\"><img loading=\"lazy\" decoding=\"async\" class=\"wpa-warning wpa-image-missing-alt wp-image-4311 aligncenter\" src=\"https:\/\/dck.dobron.pl\/wp-content\/uploads\/2025\/11\/DSC_5840-300x200.jpg\" alt=\"\" width=\"761\" height=\"507\" data-warning=\"Missing alt text\" srcset=\"https:\/\/dck.dobron.pl\/wp-content\/uploads\/2025\/11\/DSC_5840-300x200.jpg 300w, https:\/\/dck.dobron.pl\/wp-content\/uploads\/2025\/11\/DSC_5840-1024x683.jpg 1024w, https:\/\/dck.dobron.pl\/wp-content\/uploads\/2025\/11\/DSC_5840-768x512.jpg 768w, https:\/\/dck.dobron.pl\/wp-content\/uploads\/2025\/11\/DSC_5840-1536x1024.jpg 1536w, https:\/\/dck.dobron.pl\/wp-content\/uploads\/2025\/11\/DSC_5840-2048x1365.jpg 2048w\" sizes=\"auto, (max-width: 761px) 100vw, 761px\" \/><\/div>\n<\/div>\n<div dir=\"auto\"><\/div>\n<\/div>\n<div class=\"x14z9mp xat24cr x1lziwak x1vvkbs xtlvy1s x126k92a\" style=\"text-align: justify;\">\n<div dir=\"auto\">W Dobro\u0144skim Centrum Kultury trwaj\u0105 muzyczne przygotowania do dw\u00f3ch wyj\u0105tkowych wydarze\u0144 \u2013 Festiwalu Pie\u015bni Patriotycznej \u201eMatecznik\u201d oraz koncertu z okazji Narodowego \u015awi\u0119ta Niepodleg\u0142o\u015bci.<\/div>\n<div dir=\"auto\"><\/div>\n<\/div>\n<p><!--more--><\/p>\n<div class=\"x14z9mp xat24cr x1lziwak x1vvkbs xtlvy1s x126k92a\" style=\"text-align: justify;\">\n<div dir=\"auto\">Pod czujnym okiem Dyrygenta, dzisiejsz\u0105 (3 listopada) pr\u00f3b\u0119 ch\u00f3ru poprowadzi\u0142a dr El\u017cbieta Tomala-Nocu\u0144, kierownik muzyczny Teatru Muzycznego w \u0141odzi \u2013 dyrygentka, pedagog i artystka z ogromnym do\u015bwiadczeniem scenicznym. Spotkanie z tak wyj\u0105tkow\u0105 osob\u0105 by\u0142o dla ch\u00f3rzyst\u00f3w nie tylko muzyczn\u0105 lekcj\u0105, ale te\u017c inspiruj\u0105cym do\u015bwiadczeniem i okazj\u0105 do spojrzenia na wsp\u00f3lne \u015bpiewanie z nowej perspektywy.<\/div>\n<\/div>\n<div dir=\"auto\"><\/div>\n<div class=\"x14z9mp xat24cr x1lziwak x1vvkbs xtlvy1s x126k92a\" style=\"text-align: justify;\">\n<div dir=\"auto\">Festiwal \u201eMatecznik\u201d, kt\u00f3ry odb\u0119dzie si\u0119 9 listopada, to wydarzenie po\u015bwi\u0119cone kultywowaniu tradycji narodowych, popularyzacji pie\u015bni patriotycznych i integracji \u015brodowisk seniorskich. To muzyczne spotkanie, w kt\u00f3rym \u015bpiew staje si\u0119 mostem \u0142\u0105cz\u0105cym pokolenia \u2013 w duchu mi\u0142o\u015bci do Ojczyzny i wsp\u00f3lnego muzykowania.<\/div>\n<\/div>\n<div dir=\"auto\"><\/div>\n<div class=\"x14z9mp xat24cr x1lziwak x1vvkbs xtlvy1s x126k92a\" style=\"text-align: justify;\">\n<div dir=\"auto\">Z kolei 11 listopada Ch\u00f3r, pierwszy raz od wielu lat wsp\u00f3lnie z Orkiestr\u0105 D\u0119t\u0105, wyst\u0105pi podczas uroczysto\u015bci upami\u0119tniaj\u0105cych odzyskanie przez Polsk\u0119 niepodleg\u0142o\u015bci. Dla cz\u0142onk\u00f3w \u201eLutni\u201d to nie tylko koncert, ale przede wszystkim gest wdzi\u0119czno\u015bci i pami\u0119ci \u2013 o tych, kt\u00f3rzy tworzyli histori\u0119, oraz o tych, kt\u00f3rzy dzi\u015b piel\u0119gnuj\u0105 j\u0105 w d\u017awi\u0119kach i s\u0142owach pie\u015bni.<\/div>\n<\/div>\n<div dir=\"auto\"><\/div>\n<div class=\"x14z9mp xat24cr x1lziwak x1vvkbs xtlvy1s x126k92a\" style=\"text-align: justify;\">\n<div dir=\"auto\">Ka\u017cda pr\u00f3ba ch\u00f3ru to nie tylko praca nad g\u0142osem i harmoni\u0105, ale te\u017c spotkanie ludzi, kt\u00f3rych \u0142\u0105czy pasja i potrzeba wsp\u00f3lnego tworzenia.<\/div>\n<\/div>\n<div dir=\"auto\"><\/div>\n<div class=\"x14z9mp xat24cr x1lziwak x1vvkbs xtlvy1s x126k92a\">\n<div dir=\"auto\" style=\"text-align: justify;\">W ich \u015bpiewie s\u0142ycha\u0107 energi\u0119, rado\u015b\u0107 i wzruszenie \u2013 wszystko to, co sprawia, \u017ce muzyka staje si\u0119 prawdziwym j\u0119zykiem serca.<\/div>\n<\/div>\n","protected":false},"excerpt":{"rendered":"W Dobro\u0144skim Centrum Kultury trwaj\u0105 muzyczne przygotowania do dw\u00f3ch wyj\u0105tkowych wydarze\u0144 \u2013 Festiwalu Pie\u015bni Patriotycznej \u201eMatecznik\u201d oraz koncertu z okazji Narodowego \u015awi\u0119ta Niepodleg\u0142o\u015bci.\n<a class=\"moretag\" href=\"https:\/\/dck.dobron.pl\/?p=4310\"> [czytaj dalej ...]<\/a>","protected":false},"author":5,"featured_media":4311,"comment_status":"closed","ping_status":"closed","sticky":false,"template":"","format":"standard","meta":{"footnotes":""},"categories":[10],"tags":[],"class_list":["post-4310","post","type-post","status-publish","format-standard","has-post-thumbnail","hentry","category-aktualnosci"],"_links":{"self":[{"href":"https:\/\/dck.dobron.pl\/index.php?rest_route=\/wp\/v2\/posts\/4310","targetHints":{"allow":["GET"]}}],"collection":[{"href":"https:\/\/dck.dobron.pl\/index.php?rest_route=\/wp\/v2\/posts"}],"about":[{"href":"https:\/\/dck.dobron.pl\/index.php?rest_route=\/wp\/v2\/types\/post"}],"author":[{"embeddable":true,"href":"https:\/\/dck.dobron.pl\/index.php?rest_route=\/wp\/v2\/users\/5"}],"replies":[{"embeddable":true,"href":"https:\/\/dck.dobron.pl\/index.php?rest_route=%2Fwp%2Fv2%2Fcomments&post=4310"}],"version-history":[{"count":5,"href":"https:\/\/dck.dobron.pl\/index.php?rest_route=\/wp\/v2\/posts\/4310\/revisions"}],"predecessor-version":[{"id":4318,"href":"https:\/\/dck.dobron.pl\/index.php?rest_route=\/wp\/v2\/posts\/4310\/revisions\/4318"}],"wp:featuredmedia":[{"embeddable":true,"href":"https:\/\/dck.dobron.pl\/index.php?rest_route=\/wp\/v2\/media\/4311"}],"wp:attachment":[{"href":"https:\/\/dck.dobron.pl\/index.php?rest_route=%2Fwp%2Fv2%2Fmedia&parent=4310"}],"wp:term":[{"taxonomy":"category","embeddable":true,"href":"https:\/\/dck.dobron.pl\/index.php?rest_route=%2Fwp%2Fv2%2Fcategories&post=4310"},{"taxonomy":"post_tag","embeddable":true,"href":"https:\/\/dck.dobron.pl\/index.php?rest_route=%2Fwp%2Fv2%2Ftags&post=4310"}],"curies":[{"name":"wp","href":"https:\/\/api.w.org\/{rel}","templated":true}]}}