{"id":3944,"date":"2025-02-04T16:04:43","date_gmt":"2025-02-04T16:04:43","guid":{"rendered":"http:\/\/dck.dobron.pl\/?p=3944"},"modified":"2025-02-04T16:06:58","modified_gmt":"2025-02-04T16:06:58","slug":"informacja-o-zamiarze-ogloszenia-konkursu-na-kandydata-na-stanowisko-dyrektora-dobronskiego-centrum-kultury-w-dobroniu","status":"publish","type":"post","link":"https:\/\/dck.dobron.pl\/?p=3944","title":{"rendered":"Informacja o zamiarze og\u0142oszenia konkursu na kandydata na stanowisko Dyrektora Dobro\u0144skiego Centrum Kultury w Dobroniu"},"content":{"rendered":"<p style=\"text-align: justify;\">Na podstawie art. 16 ust. 1 i ust. 3d ustawy z dnia 25 pa\u017adziernika 1991 r. o organizowaniu i prowadzeniu dzia\u0142alno\u015bci kulturalnej (Dz. U. z 2024 r. poz. 87), \u00a7 3 ust. 1 Rozporz\u0105dzenia Ministra Kultury i Dziedzictwa Narodowego z dnia 12 kwietnia 2019 r. w sprawie konkursu na kandydata na stanowisko dyrektora instytucji kultury (Dz. U. z 2019 r., poz. 724 ze zm.), W\u00f3jt Gminy Dobro\u0144\u00a0 informuje o zamiarze og\u0142oszenia konkursu na kandydata na stanowisko Dyrektora Dobro\u0144skiego Centrum Kultury w Dobroniu.<\/p>\n<p style=\"text-align: justify;\">Termin rozpocz\u0119cia post\u0119powania konkursowego \u2013 1 kwietnia 2025 roku<\/p>\n<p style=\"text-align: justify;\">Przewidywany termin rozstrzygni\u0119cia konkursu &#8211; czerwiec 2025 roku.<\/p>\n<p style=\"text-align: right;\">W\u00f3jt Gminy Dobro\u0144 (-) Robert Jarz\u0119bak<\/p>\n<p>&nbsp;<\/p>\n<p>Dobro\u0144, dnia 3 lutego 2025 roku<\/p>\n<p>&nbsp;<\/p>\n","protected":false},"excerpt":{"rendered":"Na podstawie art. 16 ust. 1 i ust. 3d ustawy z dnia 25 pa\u017adziernika 1991 r. o organizowaniu i prowadzeniu dzia\u0142alno\u015bci kulturalnej (Dz. \n<a class=\"moretag\" href=\"https:\/\/dck.dobron.pl\/?p=3944\"> [czytaj dalej ...]<\/a>","protected":false},"author":2,"featured_media":3947,"comment_status":"closed","ping_status":"closed","sticky":false,"template":"","format":"standard","meta":{"footnotes":""},"categories":[10],"tags":[],"class_list":["post-3944","post","type-post","status-publish","format-standard","has-post-thumbnail","hentry","category-aktualnosci"],"_links":{"self":[{"href":"https:\/\/dck.dobron.pl\/index.php?rest_route=\/wp\/v2\/posts\/3944","targetHints":{"allow":["GET"]}}],"collection":[{"href":"https:\/\/dck.dobron.pl\/index.php?rest_route=\/wp\/v2\/posts"}],"about":[{"href":"https:\/\/dck.dobron.pl\/index.php?rest_route=\/wp\/v2\/types\/post"}],"author":[{"embeddable":true,"href":"https:\/\/dck.dobron.pl\/index.php?rest_route=\/wp\/v2\/users\/2"}],"replies":[{"embeddable":true,"href":"https:\/\/dck.dobron.pl\/index.php?rest_route=%2Fwp%2Fv2%2Fcomments&post=3944"}],"version-history":[{"count":1,"href":"https:\/\/dck.dobron.pl\/index.php?rest_route=\/wp\/v2\/posts\/3944\/revisions"}],"predecessor-version":[{"id":3946,"href":"https:\/\/dck.dobron.pl\/index.php?rest_route=\/wp\/v2\/posts\/3944\/revisions\/3946"}],"wp:featuredmedia":[{"embeddable":true,"href":"https:\/\/dck.dobron.pl\/index.php?rest_route=\/wp\/v2\/media\/3947"}],"wp:attachment":[{"href":"https:\/\/dck.dobron.pl\/index.php?rest_route=%2Fwp%2Fv2%2Fmedia&parent=3944"}],"wp:term":[{"taxonomy":"category","embeddable":true,"href":"https:\/\/dck.dobron.pl\/index.php?rest_route=%2Fwp%2Fv2%2Fcategories&post=3944"},{"taxonomy":"post_tag","embeddable":true,"href":"https:\/\/dck.dobron.pl\/index.php?rest_route=%2Fwp%2Fv2%2Ftags&post=3944"}],"curies":[{"name":"wp","href":"https:\/\/api.w.org\/{rel}","templated":true}]}}