{"id":3705,"date":"2024-05-23T21:39:38","date_gmt":"2024-05-23T21:39:38","guid":{"rendered":"http:\/\/dck.dobron.pl\/?p=3705"},"modified":"2024-05-24T08:22:13","modified_gmt":"2024-05-24T08:22:13","slug":"xxxiii-swieto-gminy-dobron-i-vi-festiwal-folkloru","status":"publish","type":"post","link":"https:\/\/dck.dobron.pl\/?p=3705","title":{"rendered":"XXXIII \u015awi\u0119to Gminy Dobro\u0144 i VI Festiwal Folkloru"},"content":{"rendered":"<div id=\"ReadMailMainWrapper\">\n<div dir=\"ltr\">\n<div dir=\"ltr\">15 czerwca 2024 roku w Parku Gminnym w Dobroniu odb\u0119dzie si\u0119 XXXIII \u015awi\u0119to Gminy Dobro\u0144.<\/div>\n<div dir=\"ltr\"><\/div>\n<div dir=\"ltr\">\n<p><!--more--><\/p>\n<\/div>\n<div dir=\"ltr\">W programie imprezy znajd\u0105 si\u0119 atrakcje dla dzieci, regionalne przysmaki w wykonaniu K\u00f3\u0142 Gospody\u0144 Wiejskich, wyst\u0119py dzieci z Przedszkola Gminnego i Szko\u0142y Podstawowej oraz zaproszonych zespo\u0142\u00f3w.<\/div>\n<div dir=\"ltr\"><\/div>\n<div dir=\"ltr\">\n<p>Impreza rozpocznie si\u0119 wyst\u0119pem zespo\u0142u graj\u0105cego muzyk\u0119 rozrywkow\u0105 &#8211; After Party.<\/p>\n<div dir=\"ltr\">\n<div dir=\"ltr\"><\/div>\n<\/div>\n<div dir=\"ltr\"><img decoding=\"async\" class=\"sFlh5c pT0Scc iPVvYb aligncenter\" src=\"https:\/\/i.ytimg.com\/vi\/AL20m7RDxEQ\/hq720.jpg?sqp=-oaymwE7CK4FEIIDSFryq4qpAy0IARUAAAAAGAElAADIQj0AgKJD8AEB-AH-CYAC0AWKAgwIABABGGUgVihPMA8=&amp;rs=AOn4CLBI8RQ36dSTknays0uzGBEHbQmJeQ\" alt=\"AFTER PARTY - JESTE\u015aMY SOBIE PISANI ( Official Video ) - YouTube\" aria-hidden=\"false\" \/><\/div>\n<div dir=\"ltr\">\n<div dir=\"ltr\"><\/div>\n<\/div>\n<\/div>\n<div dir=\"ltr\">Nast\u0119pnie na scenie pojawi si\u0119 Zesp\u00f3\u0142 W\u0119drowne Gitary, graj\u0105cy covery Czerwonych Gitar.<\/div>\n<\/div>\n<\/div>\n<div dir=\"ltr\"><\/div>\n<div dir=\"ltr\"><img loading=\"lazy\" decoding=\"async\" class=\"sFlh5c pT0Scc iPVvYb aligncenter\" src=\"https:\/\/lh4.googleusercontent.com\/proxy\/VtuGHfajkRMx9gVfCj5AWBqz0niRgOUq6wneKWoxwgLi-x84W0QH8_3ynAfUZIJpO0e3zrcr1f-OX-qzR8AojsJP8SnM_zP11Cf2jP92ng\" alt=\"Wedrowne Gitary \u2013 oficjalna strona zespo\u0142u\" width=\"681\" height=\"266\" aria-hidden=\"false\" \/><\/div>\n<div dir=\"ltr\"><\/div>\n<div id=\"ReadMailMainWrapper\">\n<div dir=\"ltr\">\n<div dir=\"ltr\">Zwie\u0144czeniem wieczoru natomiast b\u0119dzie koncert rockowego zespo\u0142u Sztywny Pal Azji.<\/div>\n<div dir=\"ltr\"><\/div>\n<div dir=\"ltr\"><img loading=\"lazy\" decoding=\"async\" class=\"overflowingVertical aligncenter\" src=\"https:\/\/ckpolkowice.pl\/sites\/default\/files\/inline-images\/SZPAL_foto-17_0.jpg\" alt=\"https:\/\/ckpolkowice.pl\/sites\/default\/files\/inline-images\/SZPAL_foto-17_0.jpg\" width=\"687\" height=\"438\" \/><\/div>\n<div dir=\"ltr\"><\/div>\n<div dir=\"ltr\">W niedziel\u0119, 16 czerwca 2024 roku, po kilkuletniej przerwie powr\u00f3ci do nas Festiwal Folkloru, w czasie kt\u00f3rego b\u0119dziemy mieli okazj\u0119 wzi\u0105\u0107 udzia\u0142 w przegl\u0105dzie folklorystycznych zespo\u0142\u00f3w z regionu\u2026 i nie tylko.<\/div>\n<div dir=\"ltr\"><\/div>\n<div dir=\"ltr\">Szczeg\u00f3\u0142y wkr\u00f3tce!<\/div>\n<\/div>\n<div dir=\"ltr\"><\/div>\n<div dir=\"ltr\"><img loading=\"lazy\" decoding=\"async\" class=\"x1bwycvy x193iq5w x4fas0m x19kjcj4 aligncenter\" src=\"https:\/\/scontent-waw2-1.xx.fbcdn.net\/v\/t39.30808-6\/436272192_1176660003711284_6291202653120488316_n.jpg?_nc_cat=101&amp;ccb=1-7&amp;_nc_sid=5f2048&amp;_nc_ohc=xkwYA1c9e1gQ7kNvgFUBG_M&amp;_nc_ht=scontent-waw2-1.xx&amp;oh=00_AYB_K849JiBmB9iSmjs1CzOrf2lbFKL49TizrvL4z4feOw&amp;oe=6655835A\" alt=\"Mo\u017ce by\u0107 zdj\u0119ciem przedstawiaj\u0105cym 5 os\u00f3b, dirndl i tekst\" width=\"661\" height=\"441\" data-visualcompletion=\"media-vc-image\" \/><\/div>\n<\/div>\n","protected":false},"excerpt":{"rendered":"15 czerwca 2024 roku w Parku Gminnym w Dobroniu odb\u0119dzie si\u0119 XXXIII \u015awi\u0119to Gminy Dobro\u0144.\n<a class=\"moretag\" href=\"https:\/\/dck.dobron.pl\/?p=3705\"> [czytaj dalej ...]<\/a>","protected":false},"author":2,"featured_media":3706,"comment_status":"closed","ping_status":"closed","sticky":false,"template":"","format":"standard","meta":{"footnotes":""},"categories":[10,3,6],"tags":[],"class_list":["post-3705","post","type-post","status-publish","format-standard","has-post-thumbnail","hentry","category-aktualnosci","category-dni-dobronia","category-festiwal-folkloru"],"_links":{"self":[{"href":"https:\/\/dck.dobron.pl\/index.php?rest_route=\/wp\/v2\/posts\/3705","targetHints":{"allow":["GET"]}}],"collection":[{"href":"https:\/\/dck.dobron.pl\/index.php?rest_route=\/wp\/v2\/posts"}],"about":[{"href":"https:\/\/dck.dobron.pl\/index.php?rest_route=\/wp\/v2\/types\/post"}],"author":[{"embeddable":true,"href":"https:\/\/dck.dobron.pl\/index.php?rest_route=\/wp\/v2\/users\/2"}],"replies":[{"embeddable":true,"href":"https:\/\/dck.dobron.pl\/index.php?rest_route=%2Fwp%2Fv2%2Fcomments&post=3705"}],"version-history":[{"count":4,"href":"https:\/\/dck.dobron.pl\/index.php?rest_route=\/wp\/v2\/posts\/3705\/revisions"}],"predecessor-version":[{"id":3710,"href":"https:\/\/dck.dobron.pl\/index.php?rest_route=\/wp\/v2\/posts\/3705\/revisions\/3710"}],"wp:featuredmedia":[{"embeddable":true,"href":"https:\/\/dck.dobron.pl\/index.php?rest_route=\/wp\/v2\/media\/3706"}],"wp:attachment":[{"href":"https:\/\/dck.dobron.pl\/index.php?rest_route=%2Fwp%2Fv2%2Fmedia&parent=3705"}],"wp:term":[{"taxonomy":"category","embeddable":true,"href":"https:\/\/dck.dobron.pl\/index.php?rest_route=%2Fwp%2Fv2%2Fcategories&post=3705"},{"taxonomy":"post_tag","embeddable":true,"href":"https:\/\/dck.dobron.pl\/index.php?rest_route=%2Fwp%2Fv2%2Ftags&post=3705"}],"curies":[{"name":"wp","href":"https:\/\/api.w.org\/{rel}","templated":true}]}}