{"id":3140,"date":"2022-11-08T11:40:25","date_gmt":"2022-11-08T11:40:25","guid":{"rendered":"http:\/\/dck.dobron.pl\/?p=3140"},"modified":"2022-11-10T11:42:21","modified_gmt":"2022-11-10T11:42:21","slug":"swieto-niepodleglosci-11-listopada","status":"publish","type":"post","link":"https:\/\/dck.dobron.pl\/?p=3140","title":{"rendered":"\u015awi\u0119to Niepodleg\u0142o\u015bci 11 listopada"},"content":{"rendered":"<p><img loading=\"lazy\" decoding=\"async\" class=\"alignnone wp-image-3142\" src=\"https:\/\/dck.dobron.pl\/wp-content\/uploads\/2022\/11\/1460x616-300x127.jpg\" alt=\"\" width=\"489\" height=\"207\" srcset=\"https:\/\/dck.dobron.pl\/wp-content\/uploads\/2022\/11\/1460x616-300x127.jpg 300w, https:\/\/dck.dobron.pl\/wp-content\/uploads\/2022\/11\/1460x616-1024x432.jpg 1024w, https:\/\/dck.dobron.pl\/wp-content\/uploads\/2022\/11\/1460x616-768x324.jpg 768w, https:\/\/dck.dobron.pl\/wp-content\/uploads\/2022\/11\/1460x616.jpg 1460w\" sizes=\"auto, (max-width: 489px) 100vw, 489px\" \/><\/p>\n<p>Przewodnicz\u0105cy Rady Gminy w Dobroniu<br \/>\noraz W\u00f3jt Gminy Dobro\u0144<!--more--><\/p>\n<p>maj\u0105 zaszczyt zaprosi\u0107 na gminne uroczysto\u015bci zwi\u0105zane z obchodami<\/p>\n<p><strong>NARODOWEGO \u015aWI\u0118TA NIEPODLEG\u0141O\u015aCI<br \/>\n11 LISTOPADA 2022 R.<\/strong><\/p>\n<p>W\u00f3jt\u00a0\u00a0\u00a0\u00a0\u00a0\u00a0\u00a0\u00a0\u00a0\u00a0\u00a0\u00a0\u00a0\u00a0\u00a0\u00a0\u00a0\u00a0\u00a0\u00a0\u00a0\u00a0\u00a0\u00a0\u00a0\u00a0\u00a0\u00a0\u00a0\u00a0\u00a0 \u00a0\u00a0 \u00a0\u00a0\u00a0 Przewodnicz\u0105cy<br \/>\nGminy Dobro\u0144\u00a0\u00a0\u00a0\u00a0\u00a0\u00a0\u00a0\u00a0\u00a0\u00a0\u00a0\u00a0\u00a0\u00a0\u00a0\u00a0\u00a0\u00a0\u00a0\u00a0\u00a0\u00a0 Rady Gminy w Dobroniu<\/p>\n<p>Robert Jarz\u0119bak\u00a0\u00a0\u00a0\u00a0\u00a0\u00a0\u00a0\u00a0\u00a0\u00a0\u00a0\u00a0\u00a0\u00a0\u00a0\u00a0\u00a0\u00a0\u00a0\u00a0\u00a0\u00a0\u00a0\u00a0 Janusz Szerffel<\/p>\n<p>&nbsp;<\/p>\n<p><u>Program uroczysto\u015bci 11 Listopada 2022 r.:<\/u><\/p>\n<p>* godz. 7.50 zbi\u00f3rka poczt\u00f3w sztandarowych, delegacji, uczestnik\u00f3w uroczysto\u015bci przy bramie na cmentarzu w Dobroniu<\/p>\n<p>* przemarsz uczestnik\u00f3w obchod\u00f3w pod pomnik Nieznanego \u017bo\u0142nierza, na cmentarzu<\/p>\n<p>* sk\u0142adanie kwiat\u00f3w przez delegacje<\/p>\n<p>* wyprowadzenie poczt\u00f3w sztandarowych przez celebranta uroczysto\u015bci i przemarsz do ko\u015bcio\u0142a<\/p>\n<p>* godz. 8.30 uroczysta Msza \u015awi\u0119ta<\/p>\n<p>* godz. 9.30 po mszy \u015bw. koncert pie\u015bni patriotycznych w wykonaniu Ch\u00f3ru \u201eLutnia\u201d i Orkiestry D\u0119tej z Dobronia<\/p>\n<p>* godz. 10.00 zako\u0144czenie uroczysto\u015bci<\/p>\n","protected":false},"excerpt":{"rendered":"Przewodnicz\u0105cy Rady Gminy w Dobroniu oraz W\u00f3jt Gminy Dobro\u0144\n<a class=\"moretag\" href=\"https:\/\/dck.dobron.pl\/?p=3140\"> [czytaj dalej ...]<\/a>","protected":false},"author":2,"featured_media":3142,"comment_status":"closed","ping_status":"closed","sticky":false,"template":"","format":"standard","meta":{"footnotes":""},"categories":[10,1],"tags":[],"class_list":["post-3140","post","type-post","status-publish","format-standard","has-post-thumbnail","hentry","category-aktualnosci","category-uncategorized"],"_links":{"self":[{"href":"https:\/\/dck.dobron.pl\/index.php?rest_route=\/wp\/v2\/posts\/3140","targetHints":{"allow":["GET"]}}],"collection":[{"href":"https:\/\/dck.dobron.pl\/index.php?rest_route=\/wp\/v2\/posts"}],"about":[{"href":"https:\/\/dck.dobron.pl\/index.php?rest_route=\/wp\/v2\/types\/post"}],"author":[{"embeddable":true,"href":"https:\/\/dck.dobron.pl\/index.php?rest_route=\/wp\/v2\/users\/2"}],"replies":[{"embeddable":true,"href":"https:\/\/dck.dobron.pl\/index.php?rest_route=%2Fwp%2Fv2%2Fcomments&post=3140"}],"version-history":[{"count":3,"href":"https:\/\/dck.dobron.pl\/index.php?rest_route=\/wp\/v2\/posts\/3140\/revisions"}],"predecessor-version":[{"id":3144,"href":"https:\/\/dck.dobron.pl\/index.php?rest_route=\/wp\/v2\/posts\/3140\/revisions\/3144"}],"wp:featuredmedia":[{"embeddable":true,"href":"https:\/\/dck.dobron.pl\/index.php?rest_route=\/wp\/v2\/media\/3142"}],"wp:attachment":[{"href":"https:\/\/dck.dobron.pl\/index.php?rest_route=%2Fwp%2Fv2%2Fmedia&parent=3140"}],"wp:term":[{"taxonomy":"category","embeddable":true,"href":"https:\/\/dck.dobron.pl\/index.php?rest_route=%2Fwp%2Fv2%2Fcategories&post=3140"},{"taxonomy":"post_tag","embeddable":true,"href":"https:\/\/dck.dobron.pl\/index.php?rest_route=%2Fwp%2Fv2%2Ftags&post=3140"}],"curies":[{"name":"wp","href":"https:\/\/api.w.org\/{rel}","templated":true}]}}