{"id":236,"date":"2016-09-02T08:01:06","date_gmt":"2016-09-02T08:01:06","guid":{"rendered":"http:\/\/dck.dobron.pl\/?p=236"},"modified":"2016-09-27T06:54:15","modified_gmt":"2016-09-27T06:54:15","slug":"04-09-2016-r-dozynki-powiatowo-gminne-w-dobroniu","status":"publish","type":"post","link":"https:\/\/dck.dobron.pl\/?p=236","title":{"rendered":"04.09.2016 r. &#8211; Do\u017cynki Powiatowo-Gminne w Dobroniu"},"content":{"rendered":"<p>Program Do\u017cynek:<\/p>\n<p>11:40 &#8211; zbi\u00f3rka przy ul. Sienkiewicza (restauracja &#8222;Siemie\u0144cowa&#8221;)<\/p>\n<p>11:45 &#8211; korow\u00f3d uczestnik\u00f3w uroczysto\u015bci Do\u017cynek Powiatowo-Gminnych do ko\u015bcio\u0142a pw. \u015bw. Wojciecha<\/p>\n<p>12:15 &#8211; Msza \u015awi\u0119ta Do\u017cynkowa w ko\u015bciele parafialnym w Dobroniu<\/p>\n<p>13:30 &#8211; oficjalne rozpocz\u0119cie uroczysto\u015bci<\/p>\n<p>16:00 &#8211; wyst\u0119p Zespo\u0142u Pie\u015bni i Ta\u0144ca Dobro\u0144<\/p>\n<p>16:30 &#8211; wyst\u0119p Orkiestry D\u0119tej z Dobronia<\/p>\n<p>17:30 &#8211; wyst\u0119p muzyki g\u00f3ralskiej z Podhala<\/p>\n<p>&nbsp;<\/p>\n<p>Impreza Towarzysz\u0105ca:<\/p>\n<p>Dobro\u0144skie Centrum Kultury, ul. W. Witosa 1a<\/p>\n<p>Sobota 15:00 &#8211; 17:00 otwarcie wystawy malarstwa Eweliny Wyl\u0119\u017cek &#8211; Dobro\u0144 oraz Stefana Dobronia<\/p>\n<p>Mo\u017cliwo\u015b\u0107 obejrzenia wystawy w niedziel\u0119 w godzinach 11:00 &#8211; 16:00<\/p>\n","protected":false},"excerpt":{"rendered":"Program Do\u017cynek: 11:40 &#8211; zbi\u00f3rka przy ul. Sienkiewicza (restauracja &#8222;Siemie\u0144cowa&#8221;) 11:45 &#8211; korow\u00f3d uczestnik\u00f3w uroczysto\u015bci Do\u017cynek Powiatowo-Gminnych do ko\u015bcio\u0142a pw. \u015bw. Wojciecha 12:15 \n<a class=\"moretag\" href=\"https:\/\/dck.dobron.pl\/?p=236\"> [czytaj dalej ...]<\/a>","protected":false},"author":1,"featured_media":239,"comment_status":"closed","ping_status":"closed","sticky":false,"template":"","format":"standard","meta":{"footnotes":""},"categories":[1],"tags":[5],"class_list":["post-236","post","type-post","status-publish","format-standard","has-post-thumbnail","hentry","category-uncategorized","tag-imprezy"],"_links":{"self":[{"href":"https:\/\/dck.dobron.pl\/index.php?rest_route=\/wp\/v2\/posts\/236","targetHints":{"allow":["GET"]}}],"collection":[{"href":"https:\/\/dck.dobron.pl\/index.php?rest_route=\/wp\/v2\/posts"}],"about":[{"href":"https:\/\/dck.dobron.pl\/index.php?rest_route=\/wp\/v2\/types\/post"}],"author":[{"embeddable":true,"href":"https:\/\/dck.dobron.pl\/index.php?rest_route=\/wp\/v2\/users\/1"}],"replies":[{"embeddable":true,"href":"https:\/\/dck.dobron.pl\/index.php?rest_route=%2Fwp%2Fv2%2Fcomments&post=236"}],"version-history":[{"count":1,"href":"https:\/\/dck.dobron.pl\/index.php?rest_route=\/wp\/v2\/posts\/236\/revisions"}],"predecessor-version":[{"id":238,"href":"https:\/\/dck.dobron.pl\/index.php?rest_route=\/wp\/v2\/posts\/236\/revisions\/238"}],"wp:featuredmedia":[{"embeddable":true,"href":"https:\/\/dck.dobron.pl\/index.php?rest_route=\/wp\/v2\/media\/239"}],"wp:attachment":[{"href":"https:\/\/dck.dobron.pl\/index.php?rest_route=%2Fwp%2Fv2%2Fmedia&parent=236"}],"wp:term":[{"taxonomy":"category","embeddable":true,"href":"https:\/\/dck.dobron.pl\/index.php?rest_route=%2Fwp%2Fv2%2Fcategories&post=236"},{"taxonomy":"post_tag","embeddable":true,"href":"https:\/\/dck.dobron.pl\/index.php?rest_route=%2Fwp%2Fv2%2Ftags&post=236"}],"curies":[{"name":"wp","href":"https:\/\/api.w.org\/{rel}","templated":true}]}}