{"id":1944,"date":"2020-07-02T13:47:28","date_gmt":"2020-07-02T13:47:28","guid":{"rendered":"http:\/\/dck.dobron.pl\/?p=1944"},"modified":"2021-07-20T09:04:01","modified_gmt":"2021-07-20T09:04:01","slug":"wspomnienie-temat-wystawy-grupy-ldzan-grabia","status":"publish","type":"post","link":"https:\/\/dck.dobron.pl\/?p=1944","title":{"rendered":"&#8222;Wspomnienie&#8221; &#8211; temat wystawy grupy Ldza\u0144-Grabia"},"content":{"rendered":"<p><strong>Wspomnienie<\/strong><\/p>\n<p>Zapraszam do wzi\u0119cia udzia\u0142u w kolejnej wystawie grupy \u201eLdza\u0144- Grabia\u201d. Tym razem tematem, co uzgodnili\u015bmy na ostatnim wernisa\u017cu, b\u0119dzie- wspomnienie. Prace winny dotyczy\u0107 przyrody doliny rzeki Grabi. Format ten sam (30&#215;40), ilo\u015b\u0107 prac do uzgodnienia (optymalnie 3 fotografie). Prosz\u0119 o dostarczenie ich oraz wgl\u0105d\u00f3wek (druk foldera) do ko\u0144ca wrze\u015bnia do Dobro\u0144skiego Centrum Kultury. Otwarcie wystawy planowane jest na jesie\u0144. Dok\u0142adny termin otwarcia i jego forma, zale\u017ce\u0107 b\u0119dzie od stanu epidemiologicznego w kraju.<\/p>\n<p>W za\u0142\u0105czeniu przesy\u0142am manifest tw\u00f3rczy projektowanej wystawy. Przypominam, \u017ce do odebrania s\u0105 prace z poprzednich wystaw.<\/p>\n<p>J. Ziarnik<\/p>\n","protected":false},"excerpt":{"rendered":"Wspomnienie Zapraszam do wzi\u0119cia udzia\u0142u w kolejnej wystawie grupy \u201eLdza\u0144- Grabia\u201d. Tym razem tematem, co uzgodnili\u015bmy na ostatnim wernisa\u017cu, b\u0119dzie- wspomnienie. Prace winny \n<a class=\"moretag\" href=\"https:\/\/dck.dobron.pl\/?p=1944\"> [czytaj dalej ...]<\/a>","protected":false},"author":2,"featured_media":1392,"comment_status":"closed","ping_status":"closed","sticky":false,"template":"","format":"standard","meta":{"footnotes":""},"categories":[1],"tags":[],"class_list":["post-1944","post","type-post","status-publish","format-standard","has-post-thumbnail","hentry","category-uncategorized"],"_links":{"self":[{"href":"https:\/\/dck.dobron.pl\/index.php?rest_route=\/wp\/v2\/posts\/1944","targetHints":{"allow":["GET"]}}],"collection":[{"href":"https:\/\/dck.dobron.pl\/index.php?rest_route=\/wp\/v2\/posts"}],"about":[{"href":"https:\/\/dck.dobron.pl\/index.php?rest_route=\/wp\/v2\/types\/post"}],"author":[{"embeddable":true,"href":"https:\/\/dck.dobron.pl\/index.php?rest_route=\/wp\/v2\/users\/2"}],"replies":[{"embeddable":true,"href":"https:\/\/dck.dobron.pl\/index.php?rest_route=%2Fwp%2Fv2%2Fcomments&post=1944"}],"version-history":[{"count":1,"href":"https:\/\/dck.dobron.pl\/index.php?rest_route=\/wp\/v2\/posts\/1944\/revisions"}],"predecessor-version":[{"id":1945,"href":"https:\/\/dck.dobron.pl\/index.php?rest_route=\/wp\/v2\/posts\/1944\/revisions\/1945"}],"wp:featuredmedia":[{"embeddable":true,"href":"https:\/\/dck.dobron.pl\/index.php?rest_route=\/wp\/v2\/media\/1392"}],"wp:attachment":[{"href":"https:\/\/dck.dobron.pl\/index.php?rest_route=%2Fwp%2Fv2%2Fmedia&parent=1944"}],"wp:term":[{"taxonomy":"category","embeddable":true,"href":"https:\/\/dck.dobron.pl\/index.php?rest_route=%2Fwp%2Fv2%2Fcategories&post=1944"},{"taxonomy":"post_tag","embeddable":true,"href":"https:\/\/dck.dobron.pl\/index.php?rest_route=%2Fwp%2Fv2%2Ftags&post=1944"}],"curies":[{"name":"wp","href":"https:\/\/api.w.org\/{rel}","templated":true}]}}