{"id":1262,"date":"2019-03-09T12:07:47","date_gmt":"2019-03-09T12:07:47","guid":{"rendered":"http:\/\/dck.dobron.pl\/?p=1262"},"modified":"2019-03-13T12:21:56","modified_gmt":"2019-03-13T12:21:56","slug":"swietujemy-dzien-kobiet","status":"publish","type":"post","link":"https:\/\/dck.dobron.pl\/?p=1262","title":{"rendered":"\u015awi\u0119tujemy Dzie\u0144 Kobiet"},"content":{"rendered":"<p><img loading=\"lazy\" decoding=\"async\" class=\"size-medium wp-image-1266 alignright\" src=\"https:\/\/dck.dobron.pl\/wp-content\/uploads\/2019\/03\/IMG_20190313_105210-768x512-300x200.jpg\" alt=\"\" width=\"300\" height=\"200\" srcset=\"https:\/\/dck.dobron.pl\/wp-content\/uploads\/2019\/03\/IMG_20190313_105210-768x512-300x200.jpg 300w, https:\/\/dck.dobron.pl\/wp-content\/uploads\/2019\/03\/IMG_20190313_105210-768x512.jpg 768w\" sizes=\"auto, (max-width: 300px) 100vw, 300px\" \/>Obchody Narodowego Dnia Kobiet, wywodz\u0105cego si\u0119 \u00a0z ruch\u00f3w robotniczych w\u00a0Ameryce P\u00f3\u0142nocnej i Europie, zosta\u0142y zapocz\u0105tkowane przez Socjalistyczn\u0105 Parti\u0119 Ameryki, a po raz pierwszy odby\u0142y si\u0119 28 lutego 1909 r. w Stanach Zjednoczonych.<\/p>\n<p>W 1910 roku Mi\u0119dzynarod\u00f3wka Socjalistyczna w Kopenhadze ustanowi\u0142a obchodzony na ca\u0142ym \u015bwiecie Dzie\u0144 Kobiet, kt\u00f3ry s\u0142u\u017cy\u0107 mia\u0142 krzewieniu idei praw kobiet oraz budowaniu spo\u0142ecznego wsparcia dla powszechnych praw wyborczych dla kobiet. W konferencji udzia\u0142 wzi\u0119\u0142o ponad 100\u00a0uczestniczek z 17 kraj\u00f3w, w tym trzy kobiety po raz pierwszy wybrane do Parlamentu Fi\u0144skiego. Ustanowienie Dnia Kobiet zosta\u0142o przyj\u0119te w drodze anonimowego g\u0142osowania, bez ustalania dok\u0142adnej daty jego obchod\u00f3w.<br \/>\n19 marca 1911 roku po raz pierwszy Mi\u0119dzynarodowy Dzie\u0144 Kobiet obchodzono w Austrii, Danii, Niemczech i Szwajcarii. Domagano si\u0119 prawa kobiet do g\u0142osowania i obejmowania stanowisk publicznych, praw kobiet do pracy i szkole\u0144 zawodowych oraz zaprzestania dyskryminacji w miejscu pracy. 25 marca tego roku wiele robotnic zgin\u0119\u0142o w po\u017carze fabryki Triangle Shirtwaist.<img loading=\"lazy\" decoding=\"async\" class=\"size-medium wp-image-1263 alignleft\" src=\"https:\/\/dck.dobron.pl\/wp-content\/uploads\/2019\/03\/DSC_0899-768x512-300x200.jpg\" alt=\"\" width=\"300\" height=\"200\" srcset=\"https:\/\/dck.dobron.pl\/wp-content\/uploads\/2019\/03\/DSC_0899-768x512-300x200.jpg 300w, https:\/\/dck.dobron.pl\/wp-content\/uploads\/2019\/03\/DSC_0899-768x512.jpg 768w\" sizes=\"auto, (max-width: 300px) 100vw, 300px\" \/><\/p>\n<p>W czwartek, 8 marca 1917 (23 lutego 1917 roku wg kalendarza julia\u0144skiego), kobiety w Rosji zorganizowa\u0142y strajki i protesty pod has\u0142em \u201echleb i pok\u00f3j\u201d rozpoczynaj\u0105c rewolucj\u0119 lutow\u0105. Cztery dni p\u00f3\u017aniej abdykowa\u0142 car, a rz\u0105d tymczasowy przyzna\u0142 kobietom prawa wyborcze. Po rewolucji pa\u017adziernikowej, feministka bolszewicka Aleksandra Ko\u0142\u0142ontaj, przekona\u0142a Lenina do ustanowienia 8\u00a0marca oficjalnym \u015bwi\u0119tem w Rosji.<ins datetime=\"2019-03-13T12:07:48+00:00\"><\/ins><img loading=\"lazy\" decoding=\"async\" class=\"size-medium wp-image-1264 alignright\" src=\"https:\/\/dck.dobron.pl\/wp-content\/uploads\/2019\/03\/DSC_0903-768x512-300x200.jpg\" alt=\"\" width=\"300\" height=\"200\" srcset=\"https:\/\/dck.dobron.pl\/wp-content\/uploads\/2019\/03\/DSC_0903-768x512-300x200.jpg 300w, https:\/\/dck.dobron.pl\/wp-content\/uploads\/2019\/03\/DSC_0903-768x512.jpg 768w\" sizes=\"auto, (max-width: 300px) 100vw, 300px\" \/><\/p>\n<p>Obecnie Dzie\u0144 Kobiet obchodzony jest w trzydziestu krajach na ca\u0142ym \u015bwiecie. M\u0119\u017cczy\u017ani wr\u0119czaj\u0105 wtedy znajomym kobietom \u2013 matkom, \u017conom, partnerkom, kole\u017cankom \u2013 kwiaty i drobne podarunki. W niekt\u00f3rych krajach, jak np. w Rumunii, dzie\u0144 ten jest r\u00f3wnowa\u017cny z dniem matki, podczas kt\u00f3rego dzieci ofiaruj\u0105 drobne prezenty swoim matkom i babciom.<\/p>\n<p><img loading=\"lazy\" decoding=\"async\" class=\"size-medium wp-image-1265 alignleft\" src=\"https:\/\/dck.dobron.pl\/wp-content\/uploads\/2019\/03\/IMG_20190313_104948-768x512-300x200.jpg\" alt=\"\" width=\"300\" height=\"200\" srcset=\"https:\/\/dck.dobron.pl\/wp-content\/uploads\/2019\/03\/IMG_20190313_104948-768x512-300x200.jpg 300w, https:\/\/dck.dobron.pl\/wp-content\/uploads\/2019\/03\/IMG_20190313_104948-768x512.jpg 768w\" sizes=\"auto, (max-width: 300px) 100vw, 300px\" \/><br \/>\nTegoroczne obchody Dnia Kobiet w gminie Dobro\u0144 rozpocz\u0119\u0142y si\u0119 spotkaniem poetycko-muzycznym organizowanym przez Dobro\u0144skie Centrum Kultury w niedziel\u0119 3 marca. Karolina \u201eKaja\u201d Sysa, Aneta Wolanowska i Pawe\u0142 Kotlarek, przy udziale autora \u2013 Bogdana Prusisza, prezentowali poezj\u0119 na przemian z muzyk\u0105 autorstwa dobro\u0144skiego zespo\u0142u Efekt Motyla w sk\u0142adzie Maria Ma\u015blanka i\u00a0Magdalena Kirejczyk.<br \/>\nNa zako\u0144czenie wieczoru W\u00f3jt Gminy Robert Jarz\u0119bak wraz z autorem wierszy, Bogdanem Prusiszem, wr\u0119czyli obecnym na wieczorze kobietom tulipany i zaprosili do pocz\u0119stunku, \u017cycz\u0105c jednocze\u015bnie wszystkiego najlepszego z okazji obchodzonego tego dnia \u015bwi\u0119ta.<img loading=\"lazy\" decoding=\"async\" class=\"size-medium wp-image-1267 aligncenter\" src=\"https:\/\/dck.dobron.pl\/wp-content\/uploads\/2019\/03\/IMG_20190313_105028-768x576-300x225.jpg\" alt=\"\" width=\"300\" height=\"225\" srcset=\"https:\/\/dck.dobron.pl\/wp-content\/uploads\/2019\/03\/IMG_20190313_105028-768x576-300x225.jpg 300w, https:\/\/dck.dobron.pl\/wp-content\/uploads\/2019\/03\/IMG_20190313_105028-768x576.jpg 768w\" sizes=\"auto, (max-width: 300px) 100vw, 300px\" \/><\/p>\n","protected":false},"excerpt":{"rendered":"Obchody Narodowego Dnia Kobiet, wywodz\u0105cego si\u0119 \u00a0z ruch\u00f3w robotniczych w\u00a0Ameryce P\u00f3\u0142nocnej i Europie, zosta\u0142y zapocz\u0105tkowane przez Socjalistyczn\u0105 Parti\u0119 Ameryki, a po raz pierwszy \n<a class=\"moretag\" href=\"https:\/\/dck.dobron.pl\/?p=1262\"> [czytaj dalej ...]<\/a>","protected":false},"author":2,"featured_media":1268,"comment_status":"closed","ping_status":"closed","sticky":false,"template":"","format":"standard","meta":{"footnotes":""},"categories":[10],"tags":[],"class_list":["post-1262","post","type-post","status-publish","format-standard","has-post-thumbnail","hentry","category-aktualnosci"],"_links":{"self":[{"href":"https:\/\/dck.dobron.pl\/index.php?rest_route=\/wp\/v2\/posts\/1262","targetHints":{"allow":["GET"]}}],"collection":[{"href":"https:\/\/dck.dobron.pl\/index.php?rest_route=\/wp\/v2\/posts"}],"about":[{"href":"https:\/\/dck.dobron.pl\/index.php?rest_route=\/wp\/v2\/types\/post"}],"author":[{"embeddable":true,"href":"https:\/\/dck.dobron.pl\/index.php?rest_route=\/wp\/v2\/users\/2"}],"replies":[{"embeddable":true,"href":"https:\/\/dck.dobron.pl\/index.php?rest_route=%2Fwp%2Fv2%2Fcomments&post=1262"}],"version-history":[{"count":2,"href":"https:\/\/dck.dobron.pl\/index.php?rest_route=\/wp\/v2\/posts\/1262\/revisions"}],"predecessor-version":[{"id":1270,"href":"https:\/\/dck.dobron.pl\/index.php?rest_route=\/wp\/v2\/posts\/1262\/revisions\/1270"}],"wp:featuredmedia":[{"embeddable":true,"href":"https:\/\/dck.dobron.pl\/index.php?rest_route=\/wp\/v2\/media\/1268"}],"wp:attachment":[{"href":"https:\/\/dck.dobron.pl\/index.php?rest_route=%2Fwp%2Fv2%2Fmedia&parent=1262"}],"wp:term":[{"taxonomy":"category","embeddable":true,"href":"https:\/\/dck.dobron.pl\/index.php?rest_route=%2Fwp%2Fv2%2Fcategories&post=1262"},{"taxonomy":"post_tag","embeddable":true,"href":"https:\/\/dck.dobron.pl\/index.php?rest_route=%2Fwp%2Fv2%2Ftags&post=1262"}],"curies":[{"name":"wp","href":"https:\/\/api.w.org\/{rel}","templated":true}]}}